[{"@context":"https:\/\/schema.org\/","@type":"Article","@id":"https:\/\/www.inved.cz\/vrata-nesmi-chybet\/#Article","mainEntityOfPage":"https:\/\/www.inved.cz\/vrata-nesmi-chybet\/","headline":"Vrata nesm\u00ed chyb\u011bt","name":"Vrata nesm\u00ed chyb\u011bt","description":"Kdy\u017e si u n\u00e1s \u010dlov\u011bk po\u0159izuje gar\u00e1\u017e, zaj\u00edm\u00e1 ho zpravidla to, kde se tato nach\u00e1z\u00ed. Proto\u017ee je nad slunce jasn\u00e9, \u017ee v n\u00ed chce parkovat sv\u00e9ho plechov\u00e9ho mil\u00e1\u010dka, kter\u00fdm se p\u0159em\u00eds\u0165uje po vlastech \u010desk\u00fdch a dost mo\u017en\u00e1 i ne\u010desk\u00fdch, respektive v n\u00ed chce n\u011bco kutit, a u\u017e to vy\u017eaduje, aby se takov\u00e1 jeho gar\u00e1\u017e nenach\u00e1zela","datePublished":"2019-03-17","dateModified":"2023-05-05","author":{"@type":"Person","@id":"https:\/\/www.inved.cz\/author\/#Person","name":"","url":"https:\/\/www.inved.cz\/author\/","identifier":1,"image":{"@type":"ImageObject","@id":"https:\/\/secure.gravatar.com\/avatar\/15c4177f6d86975c976af12ba80b10af7add2f97f8786f8cf1596253472c0ea7?s=96&d=mm&r=g","url":"https:\/\/secure.gravatar.com\/avatar\/15c4177f6d86975c976af12ba80b10af7add2f97f8786f8cf1596253472c0ea7?s=96&d=mm&r=g","height":96,"width":96}},"publisher":{"@type":"Organization","name":"inved.cz","logo":{"@type":"ImageObject","@id":"\/logo.png","url":"\/logo.png","width":600,"height":60}},"image":{"@type":"ImageObject","@id":"https:\/\/www.inved.cz\/wp-content\/uploads\/img_a340576_w2516_t1553514722.jpg","url":"https:\/\/www.inved.cz\/wp-content\/uploads\/img_a340576_w2516_t1553514722.jpg","height":0,"width":0},"url":"https:\/\/www.inved.cz\/vrata-nesmi-chybet\/","about":["D\u016fm a byt"],"wordCount":589,"articleBody":"Kdy\u017e si u n\u00e1s \u010dlov\u011bk po\u0159izuje gar\u00e1\u017e, zaj\u00edm\u00e1 ho zpravidla to, kde se tato nach\u00e1z\u00ed. Proto\u017ee je nad slunce jasn\u00e9, \u017ee v n\u00ed chce parkovat sv\u00e9ho plechov\u00e9ho mil\u00e1\u010dka, kter\u00fdm se p\u0159em\u00eds\u0165uje po vlastech \u010desk\u00fdch a dost mo\u017en\u00e1 i ne\u010desk\u00fdch, respektive v n\u00ed chce n\u011bco kutit, a u\u017e to vy\u017eaduje, aby se takov\u00e1 jeho gar\u00e1\u017e nenach\u00e1zela p\u0159\u00edli\u0161 daleko od jeho domova. Proto\u017ee kdyby m\u011bl chodit pro auto d\u00e1l, ne\u017e je cesta, kterou j\u00edm hodl\u00e1 urazit, nebylo by to zrovna \u0161\u0165astn\u00e9 \u0159e\u0161en\u00ed.&#13; Dal\u0161\u00edm po\u017eadavkem, kter\u00fd \u010dlov\u011bk na gar\u00e1\u017e m\u00edv\u00e1, je to, aby v\u0161e v n\u00ed ukryt\u00e9 bylo chr\u00e1n\u011bno p\u0159ed pov\u011btrnostn\u00edmi vlivy, je\u017e by mohly \u0161kodit. Dovnit\u0159 by tak nem\u011blo zat\u00e9kat, a to ani st\u0159echou, ani n\u011bjakou tou net\u011bsnou podlahou.&#13; Je nasnad\u011b, \u017ee mezi d\u016fle\u017eit\u00e9 ot\u00e1zky pat\u0159\u00ed o stav st\u011bn takov\u00e9 gar\u00e1\u017ee. Proto\u017ee ty sice nemus\u00ed b\u00fdt zase a\u017e tak docela kr\u00e1sn\u00e9, nen\u00ed tu t\u0159eba ani zateplen\u00ed \u010di jin\u00e9 vymo\u017eenosti, ale rozhodn\u011b by tyto m\u011bly st\u00e1t pevn\u011b, nem\u011blo by u nich ka\u017ed\u00fdm okam\u017eikem hrozit z\u0159\u00edcen\u00ed, je\u017e by v\u0161e uvnit\u0159 poh\u0159bilo a znehodnotilo \u010di nep\u0159\u00edjemn\u011b po\u0161kodilo.&#13; A t\u00edm, na co p\u0159i po\u0159izov\u00e1n\u00ed si gar\u00e1\u017ee rozhodn\u011b nesm\u00edme zapomenout, jsou i po\u0159\u00e1dn\u00e1 vrata. Proto\u017ee jsme p\u0159ece v \u010cech\u00e1ch, a jak zn\u00e1mo, v t\u00e9to zemi se v\u017edycky kradlo. Nejednou zmizelo v\u0161e, co nebylo p\u0159ibit\u00e9, a \u010dasto ani nehr\u00e1lo a nehraje roli to, zda zlod\u011bj to ukraden\u00e9 vlastn\u011b v\u016fbec k n\u011b\u010demu pot\u0159ebuje nebo ne.&#13; Jsou u n\u00e1s m\u00edsta, kde sta\u010d\u00ed gar\u00e1\u017eov\u00e1 vrata jednodu\u0161e sbit\u00e1 z n\u011bjak\u00fdch t\u011bch f\u00f3rov\u00fdch prken, s docela oby\u010dejnou petlic\u00ed a visac\u00edm z\u00e1mkem, ov\u0161em jinde (a nejl\u00e9pe vlastn\u011b p\u0159ece jenom v\u0161ude) je lep\u0161\u00ed spolehnout se na vrata po\u0159\u00e1dn\u00e1. Na takov\u00e1, kter\u00e1 p\u0159ece jenom v\u00edc vydr\u017e\u00ed. A kter\u00e1 jsou z\u00e1rove\u0148 pokud mo\u017eno i kr\u00e1sn\u00e1 na pohled.&#13; Proto\u017ee takov\u00e1 .&#13; Pokud \u010dlov\u011bku z\u00e1le\u017e\u00ed na obou pr\u00e1v\u011b zm\u00edn\u011bn\u00fdch parametrech, tedy na kvalit\u011b i estetick\u00e9 \u00farovni, a z\u00e1rove\u0148 tento nechce p\u0159\u00edli\u0161 utr\u00e1cet, m\u011bl by \u2013 jak prav\u00ed lidov\u00e1 moudrost \u2013 dvakr\u00e1t m\u011b\u0159it a jednou \u0159ezat. M\u011bl by se sh\u00e1n\u011bt a dob\u0159e zvolit.&#13; Nejobl\u00edben\u011bj\u0161\u00edmi variantami, mezi kter\u00fdmi na\u0161inci zpravidla vol\u00ed, jsou vrata v\u00fdklopn\u00e1 a sek\u010dn\u00ed.&#13; V\u00fdhodou t\u011bch v\u00fdklopn\u00fdch je jejich jednolit\u00fd design, sk\u00fdtaj\u00edc\u00ed v\u011bt\u0161\u00ed bezpe\u010d\u00ed, v\u00fdhodou t\u011bch sek\u010dn\u00edch je to, \u017ee maj\u00ed segmenty, je\u017e se otv\u00edraj\u00ed postupn\u011b, tak\u017ee zab\u00edraj\u00ed m\u00e9n\u011b prostoru a jsou tak m\u00e9n\u011b n\u00e1ro\u010dn\u00e9 na otev\u00edr\u00e1n\u00ed.&#13; Mohlo by se zd\u00e1t, \u017ee vybrat si tu nen\u00ed nic slo\u017eit\u00e9ho. Jen\u017ee opak je pravdou. Proto\u017ee na t\u011bch spr\u00e1vn\u00fdch gar\u00e1\u017eov\u00fdch vratech hodn\u011b z\u00e1le\u017e\u00ed. A v\u017edy se vyplat\u00ed poradit se se specialisty a t\u0159eba se i poptat u zn\u00e1m\u00fdch na jejich zku\u0161enosti. Proto\u017ee to v\u00edte \u2013 i gar\u00e1\u017e ukr\u00fdv\u00e1 nejednou nemal\u00fd majetek. A \u017eijeme v \u010cech\u00e1ch.                                                                                                                                                                                                                                                                                                                                                                                        4\/5 - (9 votes)        "},{"@context":"https:\/\/schema.org\/","@type":"BreadcrumbList","itemListElement":[{"@type":"ListItem","position":1,"name":"Vrata nesm\u00ed chyb\u011bt","item":"https:\/\/www.inved.cz\/vrata-nesmi-chybet\/#breadcrumbitem"}]}]