[{"@context":"https:\/\/schema.org\/","@type":"Article","@id":"https:\/\/www.inved.cz\/uklizeno-po-stavbe-bez-prace-jde-to\/#Article","mainEntityOfPage":"https:\/\/www.inved.cz\/uklizeno-po-stavbe-bez-prace-jde-to\/","headline":"Uklizeno po stavb\u011b bez pr\u00e1ce? Jde to!","name":"Uklizeno po stavb\u011b bez pr\u00e1ce? Jde to!","description":"Stav\u00edte vlastn\u00ed d\u016fm nebo jeho stavbu teprve pl\u00e1nujete? To je velk\u00fd \u017eivotn\u00ed krok. A co si budeme pov\u00eddat, tak\u00e9 velice n\u00e1ro\u010dn\u00fd. Ne\u017e dos\u00e1hnete jeho fin\u00e1le \u010di c\u00edle, bude to cht\u00edt spousta pl\u00e1n\u016f, dobr\u00e9 organizace a vynalo\u017een\u00e9 pr\u00e1ce a tak\u00e9 financ\u00ed. M\u00e1te v\u0161echno d\u016fkladn\u011b promy\u0161len\u00e9? P\u0159i spr\u00e1vn\u00e9m re\u00e1ln\u00e9m pl\u00e1nu se nen\u00ed \u010deho ob\u00e1vat. Dob\u0159e si rozvrhn\u011bte","datePublished":"2023-06-19","dateModified":"2023-10-31","author":{"@type":"Person","@id":"https:\/\/www.inved.cz\/author\/#Person","name":"","url":"https:\/\/www.inved.cz\/author\/","identifier":1,"image":{"@type":"ImageObject","@id":"https:\/\/secure.gravatar.com\/avatar\/15c4177f6d86975c976af12ba80b10af7add2f97f8786f8cf1596253472c0ea7?s=96&d=mm&r=g","url":"https:\/\/secure.gravatar.com\/avatar\/15c4177f6d86975c976af12ba80b10af7add2f97f8786f8cf1596253472c0ea7?s=96&d=mm&r=g","height":96,"width":96}},"publisher":{"@type":"Organization","name":"inved.cz","logo":{"@type":"ImageObject","@id":"\/logo.png","url":"\/logo.png","width":600,"height":60}},"image":{"@type":"ImageObject","@id":"https:\/\/www.inved.cz\/wp-content\/uploads\/pexels-photo-4249477_1.jpeg","url":"https:\/\/www.inved.cz\/wp-content\/uploads\/pexels-photo-4249477_1.jpeg","height":0,"width":0},"url":"https:\/\/www.inved.cz\/uklizeno-po-stavbe-bez-prace-jde-to\/","about":["Www"],"wordCount":420,"articleBody":"       Stav\u00edte vlastn\u00ed d\u016fm nebo jeho stavbu teprve pl\u00e1nujete? To je velk\u00fd \u017eivotn\u00ed krok. A co si budeme pov\u00eddat, tak\u00e9 velice n\u00e1ro\u010dn\u00fd. Ne\u017e dos\u00e1hnete jeho fin\u00e1le \u010di c\u00edle, bude to cht\u00edt spousta pl\u00e1n\u016f, dobr\u00e9 organizace a vynalo\u017een\u00e9 pr\u00e1ce a tak\u00e9 financ\u00ed. M\u00e1te v\u0161echno d\u016fkladn\u011b promy\u0161len\u00e9? P\u0159i spr\u00e1vn\u00e9m re\u00e1ln\u00e9m pl\u00e1nu se nen\u00ed \u010deho ob\u00e1vat. Dob\u0159e si rozvrhn\u011bte pr\u00e1ci i finan\u010dn\u00ed prost\u0159edky na koupi pot\u0159ebn\u00e9ho materi\u00e1lu a tak\u00e9 na zaplacen\u00ed r\u016fzn\u00fdch slu\u017eeb, bez kter\u00fdch se do c\u00edle nedostanete. Pokud m\u00e1te domluven\u00e9 \u0159emeslnick\u00e9 odborn\u00edky, tak platbu tak\u00e9 samoz\u0159ejm\u011b jim. Je t\u0159eba hned od sam\u00e9ho za\u010d\u00e1tku myslet na v\u0161e. Tak\u017ee se V\u00e1s zept\u00e1m, p\u0159em\u00fd\u0161leli jste u\u017e o samotn\u00e9m \u00faklidu po stavb\u011b ? Ano, je to ta v\u011bc, kter\u00e1 p\u0159ijde k \u0159e\u0161en\u00ed a\u017e nakonec, ale i j\u00ed je t\u0159eba m\u00edt na pam\u011bti. Zvl\u00e1dnete to sami? Je dobr\u00e9 zm\u00ednit, \u017ee existuj\u00ed firmy, kter\u00e9 se p\u0159\u00edmo na tyto \u00faklidy zam\u011b\u0159uj\u00ed a jsou na tuto \u010dinnost opravdov\u00ed odborn\u00edci. Mo\u017en\u00e1 si to te\u010f nedovedete p\u0159edstavit, ale \u00faklidy po stavb\u00e1ch a rekonstrukc\u00edch, mo\u017en\u00e1 i po samotn\u00e9m malov\u00e1n\u00ed bytu, b\u00fdvaj\u00ed dost n\u00e1ro\u010dn\u00e9. Je t\u0159eba vynalo\u017eit spoustu \u00fasil\u00ed pro to, aby byl d\u016fm \u010di byt \u010dist\u00fd a Vy se tak mohli radovat z nov\u00e9ho prost\u0159ed\u00ed Va\u0161eho domova. Kdy\u017e se do \u00faklidu pust\u00edte takzvan\u011b na vlastn\u00ed p\u011bst, m\u016f\u017eete to zvl\u00e1dnout. Ale tak\u00e9 se V\u00e1m m\u016f\u017ee st\u00e1t, \u017ee v\u0161e nebude uklizeno dokonale. N\u011bkter\u00e9 v\u011bci V\u00e1m nep\u016fjdou um\u00fdt a o\u010distit tak, jak jste si p\u0159edstavovali. S \u00faklidovou firmou tyto starosti mohou r\u00e1zem zmizet. Oni toti\u017e maj\u00ed v\u0161echny pot\u0159ebn\u00e9 prost\u0159edky vhodn\u00e9 pro \u00faklid a dezinfekci pr\u00e1v\u011b pro v\u0161echny n\u00e1ro\u010dn\u00e9 \u00faklidy v t\u011b\u017ek\u00fdch podm\u00ednk\u00e1ch. Jsou na to prost\u011b p\u0159ipraveni. Tato pr\u00e1ce je jejich denn\u00ed n\u00e1pl\u0148. Nemohou si dovolit nem\u00edt v\u0161e. Nechejte si pr\u00e1ci usnadnit, kdy\u017e to jde. Ur\u010dit\u011b budete spokojen\u00ed natolik, \u017ee p\u0159i dal\u0161\u00ed p\u0159\u00edle\u017eitosti u\u017e ani nebudete p\u0159em\u00fd\u0161let o tom, \u017ee se do \u00faklidu pust\u00edte sami. Tak \u0161\u0165astnou stavbu!                                                                                                                                                                                                                                                                                                                                                                                          4.6\/5 - (5 votes)        "},{"@context":"https:\/\/schema.org\/","@type":"BreadcrumbList","itemListElement":[{"@type":"ListItem","position":1,"name":"Uklizeno po stavb\u011b bez pr\u00e1ce? Jde to!","item":"https:\/\/www.inved.cz\/uklizeno-po-stavbe-bez-prace-jde-to\/#breadcrumbitem"}]}]