[{"@context":"https:\/\/schema.org\/","@type":"Article","@id":"https:\/\/www.inved.cz\/posta-bude-mit-kam-chodit\/#Article","mainEntityOfPage":"https:\/\/www.inved.cz\/posta-bude-mit-kam-chodit\/","headline":"Po\u0161ta bude m\u00edt kam chodit","name":"Po\u0161ta bude m\u00edt kam chodit","description":"Pokud si i vy po\u0159\u00edd\u00edte ke sv\u00e9mu nov\u00e9mu domu po\u0161tovn\u00ed schr\u00e1nku, tak si m\u016f\u017eete b\u00fdt jist\u00ed, \u017ee v\u00e1m \u017e\u00e1dn\u00fd let\u00e1k, dopis, pohled ani jak\u00fdkoliv jin\u00fd materi\u00e1l neute\u010de. V\u0161e si najde v\u00e1s, adres\u00e1ta a p\u0159\u00edjemce. Sta\u010d\u00ed m\u00edt pouze kvalitn\u00ed schr\u00e1nku s \u010diteln\u00fdm ozna\u010den\u00edm. To je v dne\u0161n\u00ed dob\u011b pova\u017eov\u00e1no ji\u017e za samoz\u0159ejmost, spousta lid\u00ed na to","datePublished":"2023-11-12","dateModified":"2023-11-12","author":{"@type":"Person","@id":"https:\/\/www.inved.cz\/author\/#Person","name":"","url":"https:\/\/www.inved.cz\/author\/","identifier":1,"image":{"@type":"ImageObject","@id":"https:\/\/secure.gravatar.com\/avatar\/15c4177f6d86975c976af12ba80b10af7add2f97f8786f8cf1596253472c0ea7?s=96&d=mm&r=g","url":"https:\/\/secure.gravatar.com\/avatar\/15c4177f6d86975c976af12ba80b10af7add2f97f8786f8cf1596253472c0ea7?s=96&d=mm&r=g","height":96,"width":96}},"publisher":{"@type":"Organization","name":"inved.cz","logo":{"@type":"ImageObject","@id":"\/logo.png","url":"\/logo.png","width":600,"height":60}},"url":"https:\/\/www.inved.cz\/posta-bude-mit-kam-chodit\/","wordCount":248,"articleBody":"Pokud si i vy po\u0159\u00edd\u00edte ke sv\u00e9mu nov\u00e9mu domu po\u0161tovn\u00ed schr\u00e1nku, tak si m\u016f\u017eete b\u00fdt jist\u00ed, \u017ee v\u00e1m \u017e\u00e1dn\u00fd let\u00e1k, dopis, pohled ani jak\u00fdkoliv jin\u00fd materi\u00e1l neute\u010de. V\u0161e si najde v\u00e1s, adres\u00e1ta a p\u0159\u00edjemce. Sta\u010d\u00ed m\u00edt pouze kvalitn\u00ed schr\u00e1nku s \u010diteln\u00fdm ozna\u010den\u00edm. To je v dne\u0161n\u00ed dob\u011b pova\u017eov\u00e1no ji\u017e za samoz\u0159ejmost, spousta lid\u00ed na to bohu\u017eel ale i tak nedb\u00e1. Bu\u010fte jin\u00ed a po\u0159i\u010fte si n\u011bjak\u00fd kvalitn\u00ed a modern\u00ed kousek, do kter\u00e9ho se v\u00e1m vejde v\u0161e, co je pot\u0159eba. M\u016f\u017eete si vybrat ide\u00e1ln\u00ed rozm\u011bry, tedy \u0161\u00ed\u0159ku, v\u00fd\u0161ku i hloubku. Je pouze na v\u00e1s, pro kterou variantu se v samotn\u00e9m z\u00e1v\u011bru rozhodnete, je ale d\u016fle\u017eit\u00e9 zm\u011b\u0159it prostor, kam tento prvek chcete um\u00edstit.I po v\u00edce lid\u00edTyto prvky jsou ur\u010den\u00e9 nejenom do rodinn\u00fdch dom\u016f, ale tak\u00e9 samoz\u0159ejm\u011b do \u010din\u017eovn\u00edch a panelov\u00fdch dom\u016f. V takov\u00e9m p\u0159\u00edpad\u011b je ale mnohem efektivn\u011bj\u0161\u00ed zvolit rovnou cel\u00e9 sestavy. Ty se toti\u017e instaluj\u00ed o mnoho snadn\u011bji a m\u016f\u017eete m\u00edt d\u00edky nim v\u0161e zar\u00e1z z krku. Pokud chcete sv\u016fj panelov\u00fd d\u016fm vybavit t\u011bmito prvky, tak je dobr\u00e9 investovat do opravdu kvalitn\u00edch a \u0161pi\u010dkov\u011b proveden\u00fdch sestav.                                                                                                                                                                                                                                                                                                                                                                                        4.6\/5 - (5 votes)        "},{"@context":"https:\/\/schema.org\/","@type":"BreadcrumbList","itemListElement":[{"@type":"ListItem","position":1,"name":"Po\u0161ta bude m\u00edt kam chodit","item":"https:\/\/www.inved.cz\/posta-bude-mit-kam-chodit\/#breadcrumbitem"}]}]