[{"@context":"https:\/\/schema.org\/","@type":"Blog","@id":"https:\/\/www.inved.cz#Blog","headline":"Inved","description":"\n\u0160li byste se ochotn\u011b koupat do n\u011b\u010deho, co vypad\u00e1 mo\u017en\u00e1 p\u0159\u00edmo jako septik? My ne. A proto jsme zjistili, jak se tomu br\u00e1nit. Jestli chcete, porad\u00edme i v\u00e1m.","url":"https:\/\/www.inved.cz","hasPart":[{"@type":"Article","@id":"https:\/\/www.inved.cz\/je-vhodny-kouzelnik-na-svatbu\/","headline":"Je vhodn\u00fd kouzeln\u00edk na svatbu?","url":"https:\/\/www.inved.cz\/je-vhodny-kouzelnik-na-svatbu\/","datePublished":"2021-08-07","dateModified":"2023-05-05","mainEntityOfPage":"https:\/\/www.inved.cz\/je-vhodny-kouzelnik-na-svatbu\/","author":{"@type":"Person","@id":"https:\/\/www.inved.cz\/author\/#Person","name":"","url":"https:\/\/www.inved.cz\/author\/","identifier":1,"image":{"@type":"ImageObject","@id":"https:\/\/secure.gravatar.com\/avatar\/15c4177f6d86975c976af12ba80b10af7add2f97f8786f8cf1596253472c0ea7?s=96&d=mm&r=g","url":"https:\/\/secure.gravatar.com\/avatar\/15c4177f6d86975c976af12ba80b10af7add2f97f8786f8cf1596253472c0ea7?s=96&d=mm&r=g","height":96,"width":96}},"publisher":{"@type":"Organization","name":"inved.cz","logo":{"@type":"ImageObject","@id":"\/logo.png","url":"\/logo.png","width":600,"height":60}},"image":{"@type":"ImageObject","@id":"https:\/\/www.inved.cz\/wp-content\/uploads\/kouzelnik1.png","url":"https:\/\/www.inved.cz\/wp-content\/uploads\/kouzelnik1.png","height":0,"width":0},"wordCount":658,"keywords":null},{"@type":"Article","@id":"https:\/\/www.inved.cz\/cesta-za-utulnejsim-domovem\/","headline":"Cesta za \u00fatuln\u011bj\u0161\u00edm domovem","url":"https:\/\/www.inved.cz\/cesta-za-utulnejsim-domovem\/","datePublished":"2021-06-26","dateModified":"2023-05-05","mainEntityOfPage":"https:\/\/www.inved.cz\/cesta-za-utulnejsim-domovem\/","author":{"@type":"Person","@id":"https:\/\/www.inved.cz\/author\/#Person","name":"","url":"https:\/\/www.inved.cz\/author\/","identifier":1,"image":{"@type":"ImageObject","@id":"https:\/\/secure.gravatar.com\/avatar\/15c4177f6d86975c976af12ba80b10af7add2f97f8786f8cf1596253472c0ea7?s=96&d=mm&r=g","url":"https:\/\/secure.gravatar.com\/avatar\/15c4177f6d86975c976af12ba80b10af7add2f97f8786f8cf1596253472c0ea7?s=96&d=mm&r=g","height":96,"width":96}},"publisher":{"@type":"Organization","name":"inved.cz","logo":{"@type":"ImageObject","@id":"\/logo.png","url":"\/logo.png","width":600,"height":60}},"image":{"@type":"ImageObject","@id":"https:\/\/www.inved.cz\/wp-content\/uploads\/lampa-exklusiv-seda-20-15-18-cm_5uDzn6.jpg","url":"https:\/\/www.inved.cz\/wp-content\/uploads\/lampa-exklusiv-seda-20-15-18-cm_5uDzn6.jpg","height":0,"width":0},"wordCount":531,"keywords":null},{"@type":"Article","@id":"https:\/\/www.inved.cz\/kdyz-penize-chybi\/","headline":"Kdy\u017e pen\u00edze chyb\u00ed","url":"https:\/\/www.inved.cz\/kdyz-penize-chybi\/","datePublished":"2021-06-21","dateModified":"2023-05-05","mainEntityOfPage":"https:\/\/www.inved.cz\/kdyz-penize-chybi\/","author":{"@type":"Person","@id":"https:\/\/www.inved.cz\/author\/#Person","name":"","url":"https:\/\/www.inved.cz\/author\/","identifier":1,"image":{"@type":"ImageObject","@id":"https:\/\/secure.gravatar.com\/avatar\/15c4177f6d86975c976af12ba80b10af7add2f97f8786f8cf1596253472c0ea7?s=96&d=mm&r=g","url":"https:\/\/secure.gravatar.com\/avatar\/15c4177f6d86975c976af12ba80b10af7add2f97f8786f8cf1596253472c0ea7?s=96&d=mm&r=g","height":96,"width":96}},"publisher":{"@type":"Organization","name":"inved.cz","logo":{"@type":"ImageObject","@id":"\/logo.png","url":"\/logo.png","width":600,"height":60}},"image":{"@type":"ImageObject","@id":"https:\/\/www.inved.cz\/wp-content\/uploads\/%C5%A1pan%C4%9Blsk%C3%A9%20pesety.jpg","url":"https:\/\/www.inved.cz\/wp-content\/uploads\/%C5%A1pan%C4%9Blsk%C3%A9%20pesety.jpg","height":0,"width":0},"wordCount":824,"keywords":null},{"@type":"Article","@id":"https:\/\/www.inved.cz\/pro-jakou-vekovou-skupinu-je-urcena-drevena-masinka-tomas\/","headline":"Pro jakou v\u011bkovou skupinu je ur\u010dena d\u0159ev\u011bn\u00e1 ma\u0161inka Tom\u00e1\u0161?","url":"https:\/\/www.inved.cz\/pro-jakou-vekovou-skupinu-je-urcena-drevena-masinka-tomas\/","datePublished":"2021-06-16","dateModified":"2023-05-05","mainEntityOfPage":"https:\/\/www.inved.cz\/pro-jakou-vekovou-skupinu-je-urcena-drevena-masinka-tomas\/","author":{"@type":"Person","@id":"https:\/\/www.inved.cz\/author\/#Person","name":"","url":"https:\/\/www.inved.cz\/author\/","identifier":1,"image":{"@type":"ImageObject","@id":"https:\/\/secure.gravatar.com\/avatar\/15c4177f6d86975c976af12ba80b10af7add2f97f8786f8cf1596253472c0ea7?s=96&d=mm&r=g","url":"https:\/\/secure.gravatar.com\/avatar\/15c4177f6d86975c976af12ba80b10af7add2f97f8786f8cf1596253472c0ea7?s=96&d=mm&r=g","height":96,"width":96}},"publisher":{"@type":"Organization","name":"inved.cz","logo":{"@type":"ImageObject","@id":"\/logo.png","url":"\/logo.png","width":600,"height":60}},"image":{"@type":"ImageObject","@id":"https:\/\/www.inved.cz\/wp-content\/uploads\/ksiltovka1_10_10_10_10.jpg","url":"https:\/\/www.inved.cz\/wp-content\/uploads\/ksiltovka1_10_10_10_10.jpg","height":0,"width":0},"wordCount":602,"keywords":null},{"@type":"Article","@id":"https:\/\/www.inved.cz\/skudci-v-byte-a-jejich-deratizace\/","headline":"\u0160k\u016fdci v byt\u011b a jejich deratizace","url":"https:\/\/www.inved.cz\/skudci-v-byte-a-jejich-deratizace\/","datePublished":"2021-06-15","dateModified":"2023-09-11","mainEntityOfPage":"https:\/\/www.inved.cz\/skudci-v-byte-a-jejich-deratizace\/","author":{"@type":"Person","@id":"https:\/\/www.inved.cz\/author\/#Person","name":"","url":"https:\/\/www.inved.cz\/author\/","identifier":1,"image":{"@type":"ImageObject","@id":"https:\/\/secure.gravatar.com\/avatar\/15c4177f6d86975c976af12ba80b10af7add2f97f8786f8cf1596253472c0ea7?s=96&d=mm&r=g","url":"https:\/\/secure.gravatar.com\/avatar\/15c4177f6d86975c976af12ba80b10af7add2f97f8786f8cf1596253472c0ea7?s=96&d=mm&r=g","height":96,"width":96}},"publisher":{"@type":"Organization","name":"inved.cz","logo":{"@type":"ImageObject","@id":"\/logo.png","url":"\/logo.png","width":600,"height":60}},"image":{"@type":"ImageObject","@id":"https:\/\/www.inved.cz\/wp-content\/uploads\/beru%C5%A1ka.jpg","url":"https:\/\/www.inved.cz\/wp-content\/uploads\/beru%C5%A1ka.jpg","height":0,"width":0},"wordCount":496,"keywords":null},{"@type":"Article","@id":"https:\/\/www.inved.cz\/nechte-se-odskodnit\/","headline":"Nechte se od\u0161kodnit","url":"https:\/\/www.inved.cz\/nechte-se-odskodnit\/","datePublished":"2021-05-28","dateModified":"2023-05-05","mainEntityOfPage":"https:\/\/www.inved.cz\/nechte-se-odskodnit\/","author":{"@type":"Person","@id":"https:\/\/www.inved.cz\/author\/#Person","name":"","url":"https:\/\/www.inved.cz\/author\/","identifier":1,"image":{"@type":"ImageObject","@id":"https:\/\/secure.gravatar.com\/avatar\/15c4177f6d86975c976af12ba80b10af7add2f97f8786f8cf1596253472c0ea7?s=96&d=mm&r=g","url":"https:\/\/secure.gravatar.com\/avatar\/15c4177f6d86975c976af12ba80b10af7add2f97f8786f8cf1596253472c0ea7?s=96&d=mm&r=g","height":96,"width":96}},"publisher":{"@type":"Organization","name":"inved.cz","logo":{"@type":"ImageObject","@id":"\/logo.png","url":"\/logo.png","width":600,"height":60}},"image":{"@type":"ImageObject","@id":"https:\/\/www.inved.cz\/wp-content\/uploads\/%C4%8Dlov%C4%9Bk%20na%20voz%C3%ADku.jpg","url":"https:\/\/www.inved.cz\/wp-content\/uploads\/%C4%8Dlov%C4%9Bk%20na%20voz%C3%ADku.jpg","height":0,"width":0},"wordCount":659,"keywords":null},{"@type":"Article","@id":"https:\/\/www.inved.cz\/tazne-zarizeni-za-vw-touran-vyuzijte-pro-cykloturistiku\/","headline":"Ta\u017en\u00e9 za\u0159\u00edzen\u00ed za VW Touran vyu\u017eijte pro cykloturistiku","url":"https:\/\/www.inved.cz\/tazne-zarizeni-za-vw-touran-vyuzijte-pro-cykloturistiku\/","datePublished":"2021-05-24","dateModified":"2023-05-05","mainEntityOfPage":"https:\/\/www.inved.cz\/tazne-zarizeni-za-vw-touran-vyuzijte-pro-cykloturistiku\/","author":{"@type":"Person","@id":"https:\/\/www.inved.cz\/author\/#Person","name":"","url":"https:\/\/www.inved.cz\/author\/","identifier":1,"image":{"@type":"ImageObject","@id":"https:\/\/secure.gravatar.com\/avatar\/15c4177f6d86975c976af12ba80b10af7add2f97f8786f8cf1596253472c0ea7?s=96&d=mm&r=g","url":"https:\/\/secure.gravatar.com\/avatar\/15c4177f6d86975c976af12ba80b10af7add2f97f8786f8cf1596253472c0ea7?s=96&d=mm&r=g","height":96,"width":96}},"publisher":{"@type":"Organization","name":"inved.cz","logo":{"@type":"ImageObject","@id":"\/logo.png","url":"\/logo.png","width":600,"height":60}},"image":{"@type":"ImageObject","@id":"https:\/\/www.inved.cz\/wp-content\/uploads\/pohled%20na%20T%C5%99ebo%C5%88.jpg","url":"https:\/\/www.inved.cz\/wp-content\/uploads\/pohled%20na%20T%C5%99ebo%C5%88.jpg","height":0,"width":0},"wordCount":731,"keywords":null},{"@type":"Article","@id":"https:\/\/www.inved.cz\/hypoteka-jako-prostredek-ke-splneni-snu\/","headline":"Hypot\u00e9ka jako prost\u0159edek ke spln\u011bn\u00ed sn\u016f","url":"https:\/\/www.inved.cz\/hypoteka-jako-prostredek-ke-splneni-snu\/","datePublished":"2021-05-23","dateModified":"2023-05-05","mainEntityOfPage":"https:\/\/www.inved.cz\/hypoteka-jako-prostredek-ke-splneni-snu\/","author":{"@type":"Person","@id":"https:\/\/www.inved.cz\/author\/#Person","name":"","url":"https:\/\/www.inved.cz\/author\/","identifier":1,"image":{"@type":"ImageObject","@id":"https:\/\/secure.gravatar.com\/avatar\/15c4177f6d86975c976af12ba80b10af7add2f97f8786f8cf1596253472c0ea7?s=96&d=mm&r=g","url":"https:\/\/secure.gravatar.com\/avatar\/15c4177f6d86975c976af12ba80b10af7add2f97f8786f8cf1596253472c0ea7?s=96&d=mm&r=g","height":96,"width":96}},"publisher":{"@type":"Organization","name":"inved.cz","logo":{"@type":"ImageObject","@id":"\/logo.png","url":"\/logo.png","width":600,"height":60}},"image":{"@type":"ImageObject","@id":"https:\/\/www.inved.cz\/wp-content\/uploads\/jedn%C3%A1n%C3%AD%20v%20bance_7.jpg","url":"https:\/\/www.inved.cz\/wp-content\/uploads\/jedn%C3%A1n%C3%AD%20v%20bance_7.jpg","height":0,"width":0},"wordCount":685,"keywords":null},{"@type":"Article","@id":"https:\/\/www.inved.cz\/pronajem-dodavek\/","headline":"Pron\u00e1jem dod\u00e1vek","url":"https:\/\/www.inved.cz\/pronajem-dodavek\/","datePublished":"2021-05-15","dateModified":"2024-06-04","mainEntityOfPage":"https:\/\/www.inved.cz\/pronajem-dodavek\/","author":{"@type":"Person","@id":"https:\/\/www.inved.cz\/author\/#Person","name":"","url":"https:\/\/www.inved.cz\/author\/","identifier":1,"image":{"@type":"ImageObject","@id":"https:\/\/secure.gravatar.com\/avatar\/15c4177f6d86975c976af12ba80b10af7add2f97f8786f8cf1596253472c0ea7?s=96&d=mm&r=g","url":"https:\/\/secure.gravatar.com\/avatar\/15c4177f6d86975c976af12ba80b10af7add2f97f8786f8cf1596253472c0ea7?s=96&d=mm&r=g","height":96,"width":96}},"publisher":{"@type":"Organization","name":"inved.cz","logo":{"@type":"ImageObject","@id":"\/logo.png","url":"\/logo.png","width":600,"height":60}},"image":{"@type":"ImageObject","@id":"https:\/\/www.inved.cz\/wp-content\/uploads\/Dod%C3%A1vka%20(10).png","url":"https:\/\/www.inved.cz\/wp-content\/uploads\/Dod%C3%A1vka%20(10).png","height":0,"width":0},"wordCount":547,"keywords":null},{"@type":"Article","@id":"https:\/\/www.inved.cz\/propagujte-svou-spolecnost\/","headline":"Propagujte svou spole\u010dnost","url":"https:\/\/www.inved.cz\/propagujte-svou-spolecnost\/","datePublished":"2021-04-01","dateModified":"2021-04-01","mainEntityOfPage":"https:\/\/www.inved.cz\/propagujte-svou-spolecnost\/","author":{"@type":"Person","@id":"https:\/\/www.inved.cz\/author\/#Person","name":"","url":"https:\/\/www.inved.cz\/author\/","identifier":1,"image":{"@type":"ImageObject","@id":"https:\/\/secure.gravatar.com\/avatar\/15c4177f6d86975c976af12ba80b10af7add2f97f8786f8cf1596253472c0ea7?s=96&d=mm&r=g","url":"https:\/\/secure.gravatar.com\/avatar\/15c4177f6d86975c976af12ba80b10af7add2f97f8786f8cf1596253472c0ea7?s=96&d=mm&r=g","height":96,"width":96}},"publisher":{"@type":"Organization","name":"inved.cz","logo":{"@type":"ImageObject","@id":"\/logo.png","url":"\/logo.png","width":600,"height":60}},"image":{"@type":"ImageObject","@id":"https:\/\/www.inved.cz\/wp-content\/uploads\/webov%C3%A9%20str%C3%A1nky_nODjeA.jpg","url":"https:\/\/www.inved.cz\/wp-content\/uploads\/webov%C3%A9%20str%C3%A1nky_nODjeA.jpg","height":0,"width":0},"wordCount":527,"keywords":null}]},{"@context":"https:\/\/schema.org","@type":"WebSite","@id":"https:\/\/www.inved.cz\/#website","name":"Inved","url":"https:\/\/www.inved.cz","potentialAction":{"@type":"SearchAction","target":"https:\/\/www.inved.cz\/?s={search_term_string}","query-input":"required name=search_term_string"}}]