{"@context":"https:\/\/schema.org\/","@type":"CollectionPage","@id":"https:\/\/www.inved.cz\/nezarazene\/#CollectionPage","headline":"Neza\u0159azen\u00e9 Category","description":"","url":"https:\/\/www.inved.cz\/nezarazene\/","hasPart":[{"@type":"Article","@id":"https:\/\/www.inved.cz\/novy-mobilni-dum-pripraveny-k-pouziti\/","headline":"Nov\u00fd mobiln\u00ed d\u016fm p\u0159ipraven\u00fd k pou\u017eit\u00ed","url":"https:\/\/www.inved.cz\/novy-mobilni-dum-pripraveny-k-pouziti\/","datePublished":"2020-10-19","dateModified":"2023-05-06","mainEntityOfPage":"https:\/\/www.inved.cz\/novy-mobilni-dum-pripraveny-k-pouziti\/","author":{"@type":"Person","@id":"https:\/\/www.inved.cz\/author\/#Person","name":"","url":"https:\/\/www.inved.cz\/author\/","identifier":1,"image":{"@type":"ImageObject","@id":"https:\/\/secure.gravatar.com\/avatar\/15c4177f6d86975c976af12ba80b10af7add2f97f8786f8cf1596253472c0ea7?s=96&d=mm&r=g","url":"https:\/\/secure.gravatar.com\/avatar\/15c4177f6d86975c976af12ba80b10af7add2f97f8786f8cf1596253472c0ea7?s=96&d=mm&r=g","height":96,"width":96}},"publisher":{"@type":"Organization","name":"inved.cz","logo":{"@type":"ImageObject","@id":"\/logo.png","url":"\/logo.png","width":600,"height":60}},"image":{"@type":"ImageObject","@id":"https:\/\/www.inved.cz\/wp-content\/uploads\/p%C5%99%C3%ADroda.jpeg","url":"https:\/\/www.inved.cz\/wp-content\/uploads\/p%C5%99%C3%ADroda.jpeg","height":0,"width":0},"keywords":null}]}