[{"@context":"https:\/\/schema.org\/","@type":"Article","@id":"https:\/\/www.inved.cz\/ne-vsichni-mohou-provadet-narocne-uklidy-spolecnych-prostor\/#Article","mainEntityOfPage":"https:\/\/www.inved.cz\/ne-vsichni-mohou-provadet-narocne-uklidy-spolecnych-prostor\/","headline":"Ne v\u0161ichni mohou prov\u00e1d\u011bt n\u00e1ro\u010dn\u00e9 \u00faklidy spole\u010dn\u00fdch prostor","name":"Ne v\u0161ichni mohou prov\u00e1d\u011bt n\u00e1ro\u010dn\u00e9 \u00faklidy spole\u010dn\u00fdch prostor","description":"Pokud bydl&Atilde;&shy;te v panelov&Atilde;&copy;m dom&Auml;&#8250;, nebo klasick&Atilde;&copy;m &Auml;in&Aring;&frac34;ovn&Atilde;&shy;m dom&Auml;&#8250;, mo&Aring;&frac34;n&Atilde;&iexcl; pr&Atilde;&iexcl;v&Auml;&#8250; v&Atilde;&iexcl;s se t&Atilde;&frac12;k&Atilde;&iexcl; situace, &Aring;&frac34;e na v&Atilde;&iexcl;s jednou za &Auml;as vyjde &Aring;&#8482;ada s &Atilde;&ordm;klidem spole&Auml;n&Atilde;&frac12;ch prostor. I kdy&Aring;&frac34; se m&Aring;&macr;&Aring;&frac34;e tato v&Auml;&#8250;c t&Aring;&#8482;eba jedenkr&Atilde;&iexcl;t za t&Aring;&#8482;i m&Auml;&#8250;s&Atilde;&shy;ce zd&Atilde;&iexcl;t pro mnoh&Atilde;&copy; naprosto ban&Atilde;&iexcl;ln&Atilde;&shy; z&Atilde;&iexcl;le&Aring;&frac34;itost&Atilde;&shy;, n&Auml;&#8250;kte&Aring;&#8482;&Atilde;&shy; star&Aring;&iexcl;&Atilde;&shy; nebo nemocn&Atilde;&shy; lid&Atilde;&copy; s n&Atilde;&shy; mohou m&Atilde;&shy;t v&Atilde;&iexcl;&Aring;&frac34;n&Atilde;&copy; probl&Atilde;&copy;my.","datePublished":"2023-03-22","dateModified":"2024-03-25","author":{"@type":"Person","@id":"https:\/\/www.inved.cz\/author\/#Person","name":"","url":"https:\/\/www.inved.cz\/author\/","identifier":1,"image":{"@type":"ImageObject","@id":"https:\/\/secure.gravatar.com\/avatar\/15c4177f6d86975c976af12ba80b10af7add2f97f8786f8cf1596253472c0ea7?s=96&d=mm&r=g","url":"https:\/\/secure.gravatar.com\/avatar\/15c4177f6d86975c976af12ba80b10af7add2f97f8786f8cf1596253472c0ea7?s=96&d=mm&r=g","height":96,"width":96}},"publisher":{"@type":"Organization","name":"inved.cz","logo":{"@type":"ImageObject","@id":"\/logo.png","url":"\/logo.png","width":600,"height":60}},"url":"https:\/\/www.inved.cz\/ne-vsichni-mohou-provadet-narocne-uklidy-spolecnych-prostor\/","wordCount":501,"articleBody":"Pokud bydl&Atilde;&shy;te v panelov&Atilde;&copy;m dom&Auml;&#8250;, nebo klasick&Atilde;&copy;m &Auml;in&Aring;&frac34;ovn&Atilde;&shy;m dom&Auml;&#8250;, mo&Aring;&frac34;n&Atilde;&iexcl; pr&Atilde;&iexcl;v&Auml;&#8250; v&Atilde;&iexcl;s se t&Atilde;&frac12;k&Atilde;&iexcl; situace, &Aring;&frac34;e na v&Atilde;&iexcl;s jednou za &Auml;as vyjde &Aring;&#8482;ada s &Atilde;&ordm;klidem spole&Auml;n&Atilde;&frac12;ch prostor. I kdy&Aring;&frac34; se m&Aring;&macr;&Aring;&frac34;e tato v&Auml;&#8250;c t&Aring;&#8482;eba jedenkr&Atilde;&iexcl;t za t&Aring;&#8482;i m&Auml;&#8250;s&Atilde;&shy;ce zd&Atilde;&iexcl;t pro mnoh&Atilde;&copy; naprosto ban&Atilde;&iexcl;ln&Atilde;&shy; z&Atilde;&iexcl;le&Aring;&frac34;itost&Atilde;&shy;, n&Auml;&#8250;kte&Aring;&#8482;&Atilde;&shy; star&Aring;&iexcl;&Atilde;&shy; nebo nemocn&Atilde;&shy; lid&Atilde;&copy; s n&Atilde;&shy; mohou m&Atilde;&shy;t v&Atilde;&iexcl;&Aring;&frac34;n&Atilde;&copy; probl&Atilde;&copy;my. Pokud si v&Aring;&iexcl;ak tuto povinnost nespln&Atilde;&shy;, dost&Atilde;&iexcl;vaj&Atilde;&shy; se &Auml;asto do konfliktu s ostatn&Atilde;&shy;mi obyvateli bytov&Atilde;&copy;ho domu a vznikaj&Atilde;&shy; tak nejr&Aring;&macr;zn&Auml;&#8250;j&Aring;&iexcl;&Atilde;&shy; nep&Aring;&#8482;&Atilde;&shy;jemnosti a p&Aring;&macr;tky.\tP&Aring;&#8482;enechejte tyto slu&Aring;&frac34;by n&Atilde;&iexcl;m &#8211; p&Aring;&#8482;edejdete nep&Aring;&#8482;&Atilde;&shy;jemn&Atilde;&frac12;m situac&Atilde;&shy;mAbyste t&Auml;&#8250;mto situac&Atilde;&shy;m p&Aring;&#8482;edch&Atilde;&iexcl;zeli, nab&Atilde;&shy;z&Atilde;&shy;me v&Atilde;&iexcl;m zaji&Aring;&iexcl;t&Auml;&#8250;n&Atilde;&shy; pravideln&Atilde;&copy;ho &Atilde;&ordm;klidu &Auml;in&Aring;&frac34;ovn&Atilde;&shy;ch a panelov&Atilde;&frac12;ch dom&Aring;&macr;, ale tak&Atilde;&copy; administrativn&Atilde;&shy;ch budov, hotel&Aring;&macr;, ubytoven nebo t&Aring;&#8482;eba i ambas&Atilde;&iexcl;d. Za velmi p&Aring;&#8482;ijatelnou cenu, kter&Atilde;&iexcl; rozpo&Auml;&Atilde;&shy;t&Atilde;&iexcl;na mezi jednotliv&Atilde;&copy; n&Atilde;&iexcl;jemn&Atilde;&shy;ky, bude v jejich vy&Atilde;&ordm;&Auml;tov&Atilde;&iexcl;n&Atilde;&shy; naprosto bezv&Atilde;&frac12;znamnou polo&Aring;&frac34;kou, m&Aring;&macr;&Aring;&frac34;e m&Atilde;&shy;t v&Atilde;&iexcl;&Aring;&iexcl; bytov&Atilde;&frac12; d&Aring;&macr;m a ostatn&Atilde;&shy; v&Atilde;&frac12;&Aring;&iexcl;e uveden&Atilde;&copy; po probl&Atilde;&copy;mech, co se t&Atilde;&copy;to problematiky t&Atilde;&frac12;&Auml;e. Tak&Aring;&frac34;e v&Atilde;&iexcl;&Aring;&frac34;en&Atilde;&shy; &Auml;lenov&Atilde;&copy; spole&Auml;enstv&Atilde;&shy; vlastn&Atilde;&shy;k&Aring;&macr; a nejr&Aring;&macr;zn&Auml;&#8250;j&Aring;&iexcl;&Atilde;&shy;ch dru&Aring;&frac34;stev, nev&Atilde;&iexcl;hejte ani chvili&Auml;ku a zadejte si u n&Atilde;&iexcl;s popt&Atilde;&iexcl;vku.                                                                                                                                                                                                                                                                                                                                                                                        4.6\/5 - (9 votes)        "},{"@context":"https:\/\/schema.org\/","@type":"BreadcrumbList","itemListElement":[{"@type":"ListItem","position":1,"name":"Ne v\u0161ichni mohou prov\u00e1d\u011bt n\u00e1ro\u010dn\u00e9 \u00faklidy spole\u010dn\u00fdch prostor","item":"https:\/\/www.inved.cz\/ne-vsichni-mohou-provadet-narocne-uklidy-spolecnych-prostor\/#breadcrumbitem"}]}]