[{"@context":"https:\/\/schema.org\/","@type":"Article","@id":"https:\/\/www.inved.cz\/kdyz-je-dovolena-za-dvermi\/#Article","mainEntityOfPage":"https:\/\/www.inved.cz\/kdyz-je-dovolena-za-dvermi\/","headline":"Kdy\u017e je dovolen\u00e1 za dve\u0159mi","name":"Kdy\u017e je dovolen\u00e1 za dve\u0159mi","description":"Chyst\u00e1te se na dovolenou, ale m\u00e1te po krk cestov\u00e1n\u00ed hromadn\u00fdmi dopravn\u00edmi prost\u0159edky? Nebav\u00ed V\u00e1s b\u00fdt st\u00e1le odk\u00e1z\u00e1ni na to, kdy V\u00e1m co pojede? I v takov\u00e9m p\u0159\u00edpad\u011b m\u00e1me \u0159e\u0161en\u00ed. R\u00e1di V\u00e1m poskytneme na dobu dovolen\u00e9 vozidlo, kter\u00e9 V\u00e1s pohodln\u011b a bezpe\u010dn\u011b odveze v\u0161ude, kam si jen budete p\u0159\u00e1t. Zapome\u0148te na tah\u00e1n\u00ed t\u011b\u017ek\u00fdch ta\u0161ek a u\u0161et\u0159ete","datePublished":"2025-08-30","dateModified":"2025-08-30","author":{"@type":"Person","@id":"https:\/\/www.inved.cz\/author\/#Person","name":"","url":"https:\/\/www.inved.cz\/author\/","identifier":1,"image":{"@type":"ImageObject","@id":"https:\/\/secure.gravatar.com\/avatar\/15c4177f6d86975c976af12ba80b10af7add2f97f8786f8cf1596253472c0ea7?s=96&d=mm&r=g","url":"https:\/\/secure.gravatar.com\/avatar\/15c4177f6d86975c976af12ba80b10af7add2f97f8786f8cf1596253472c0ea7?s=96&d=mm&r=g","height":96,"width":96}},"publisher":{"@type":"Organization","name":"inved.cz","logo":{"@type":"ImageObject","@id":"\/logo.png","url":"\/logo.png","width":600,"height":60}},"url":"https:\/\/www.inved.cz\/kdyz-je-dovolena-za-dvermi\/","wordCount":189,"articleBody":"Chyst\u00e1te se na dovolenou, ale m\u00e1te po krk cestov\u00e1n\u00ed hromadn\u00fdmi dopravn\u00edmi prost\u0159edky? Nebav\u00ed V\u00e1s b\u00fdt st\u00e1le odk\u00e1z\u00e1ni na to, kdy V\u00e1m co pojede? I v takov\u00e9m p\u0159\u00edpad\u011b m\u00e1me \u0159e\u0161en\u00ed. R\u00e1di V\u00e1m poskytneme na dobu dovolen\u00e9 vozidlo, kter\u00e9 V\u00e1s pohodln\u011b a bezpe\u010dn\u011b odveze v\u0161ude, kam si jen budete p\u0159\u00e1t. Zapome\u0148te na tah\u00e1n\u00ed t\u011b\u017ek\u00fdch ta\u0161ek a u\u0161et\u0159ete si zbyte\u010dnou n\u00e1mahu. Cesta na leti\u0161t\u011b Stejn\u011b tak m\u016f\u017ee nastat situace, kdy budete pot\u0159ebovat odv\u00e9st na leti\u0161t\u011b, ale nikdo z Va\u0161ich zn\u00e1m\u00fdch bohu\u017eel nebude m\u00edt \u010das V\u00e1s na n\u011bj odv\u00e9st. Nel\u00e1mejte si hlavu slo\u017eit\u00fdmi komplikacemi v podob\u011b cestov\u00e1n\u00ed vlakem a p\u0159ij\u010fte do na\u0161\u00ed autop\u016fj\u010dovny, kde V\u00e1\u0161 probl\u00e9m b\u011bhem n\u011bkolika minut vy\u0159e\u0161\u00edme. M\u00edsto zbyte\u010dn\u00e9ho tah\u00e1n\u00ed t\u011b\u017ek\u00fdch kufr\u016f vlakem, dostanete k dispozici bezpe\u010dn\u00fd v\u016fz, kter\u00fd V\u00e1s na leti\u0161t\u011b odveze.                                                                                                                                                                                                                                                                                                                                                                                                "},{"@context":"https:\/\/schema.org\/","@type":"BreadcrumbList","itemListElement":[{"@type":"ListItem","position":1,"name":"Kdy\u017e je dovolen\u00e1 za dve\u0159mi","item":"https:\/\/www.inved.cz\/kdyz-je-dovolena-za-dvermi\/#breadcrumbitem"}]}]