[{"@context":"https:\/\/schema.org\/","@type":"Article","@id":"https:\/\/www.inved.cz\/chteli-byste-si-zalyzovat-v-nejvyssich-ceskych-horach\/#Article","mainEntityOfPage":"https:\/\/www.inved.cz\/chteli-byste-si-zalyzovat-v-nejvyssich-ceskych-horach\/","headline":"Cht\u011bli byste si zaly\u017eovat v nejvy\u0161\u0161\u00edch \u010desk\u00fdch hor\u00e1ch?","name":"Cht\u011bli byste si zaly\u017eovat v nejvy\u0161\u0161\u00edch \u010desk\u00fdch hor\u00e1ch?","description":"N\u011bkter\u00e9 starosti um\u011bj\u00ed b\u00fdt i p\u0159\u00edjemn\u00e9 ne v\u0161echno n\u00e1m mus\u00ed zrovna p\u0159id\u011bl\u00e1vat nep\u011bkn\u00e9 vr\u00e1sky na \u010dele. Nap\u0159\u00edklad takov\u00fd v\u00fdb\u011br destinace, kam se pod\u00edv\u00e1me o prodlou\u017een\u00e9m v\u00edkendu nebo kam si zajedeme na zimn\u00ed dovolenou. M\u00e1te r\u00e1di \u010ceskou republiku? Nechce se v\u00e1m jezdit do drah\u00e9ho zahrani\u010d\u00ed, kde se ani nemus\u00edte domluvit? Vyu\u017eijte na\u0161\u00ed nab\u00eddky a zaje\u010fte si","datePublished":"2023-06-14","dateModified":"2024-06-18","author":{"@type":"Person","@id":"https:\/\/www.inved.cz\/author\/#Person","name":"","url":"https:\/\/www.inved.cz\/author\/","identifier":1,"image":{"@type":"ImageObject","@id":"https:\/\/secure.gravatar.com\/avatar\/15c4177f6d86975c976af12ba80b10af7add2f97f8786f8cf1596253472c0ea7?s=96&d=mm&r=g","url":"https:\/\/secure.gravatar.com\/avatar\/15c4177f6d86975c976af12ba80b10af7add2f97f8786f8cf1596253472c0ea7?s=96&d=mm&r=g","height":96,"width":96}},"publisher":{"@type":"Organization","name":"inved.cz","logo":{"@type":"ImageObject","@id":"\/logo.png","url":"\/logo.png","width":600,"height":60}},"url":"https:\/\/www.inved.cz\/chteli-byste-si-zalyzovat-v-nejvyssich-ceskych-horach\/","wordCount":223,"articleBody":"N\u011bkter\u00e9 starosti um\u011bj\u00ed b\u00fdt i p\u0159\u00edjemn\u00e9 ne v\u0161echno n\u00e1m mus\u00ed zrovna p\u0159id\u011bl\u00e1vat nep\u011bkn\u00e9 vr\u00e1sky na \u010dele. Nap\u0159\u00edklad takov\u00fd v\u00fdb\u011br destinace, kam se pod\u00edv\u00e1me o prodlou\u017een\u00e9m v\u00edkendu nebo kam si zajedeme na zimn\u00ed dovolenou. M\u00e1te r\u00e1di \u010ceskou republiku? Nechce se v\u00e1m jezdit do drah\u00e9ho zahrani\u010d\u00ed, kde se ani nemus\u00edte domluvit? Vyu\u017eijte na\u0161\u00ed nab\u00eddky a zaje\u010fte si do Krkono\u0161! Ubytov\u00e1n\u00ed ly\u017eov\u00e1n\u00ed a dobr\u00e9 j\u00eddlo v\u00e1m dohromady poskytne b\u00e1je\u010dn\u00e9 vy\u017eit\u00ed po celou dobu, kterou zde str\u00e1v\u00edte!Neskute\u010dn\u00e1 n\u00e1dhera, p\u0159\u00edjemn\u00e9 ubytov\u00e1n\u00ed a lahodn\u00e9 j\u00eddloKdo by si tak\u00e9 neu\u017eil pohled na zasn\u011b\u017een\u00e9 hory, na ledov\u00e9 vrcholky, na upraven\u00e9 sjezdovky i b\u011b\u017eeck\u00e9 trasy? Kdo by se necht\u011bl pono\u0159it do m\u00edstn\u00ed atmosf\u00e9ry, kdo by nerad ochutn\u00e1vat m\u00edstn\u00ed speciality a vybran\u00e9 lah\u016fdky? Obzvl\u00e1\u0161t\u011b lid\u00e9 z m\u011bsta si zdej\u0161\u00ed krajinu dokonale u\u017eij\u00ed, proto\u017ee b\u00fdt cel\u00fd rok v sev\u0159en\u00ed pomysln\u00fdch m\u011bstsk\u00fdch hradeb, to nen\u00ed nic dobr\u00e9ho pro lidskou psychiku. Ale na hor\u00e1ch? To je absolutn\u00ed svoboda, volnost, pohyb, sport, z\u00e1\u017eitky, prost\u011b dokonalost sama, tak nev\u00e1hejte!                                                                                                                                                                                                                                                                                                                                                                                        4.5\/5 - (13 votes)        "},{"@context":"https:\/\/schema.org\/","@type":"BreadcrumbList","itemListElement":[{"@type":"ListItem","position":1,"name":"Cht\u011bli byste si zaly\u017eovat v nejvy\u0161\u0161\u00edch \u010desk\u00fdch hor\u00e1ch?","item":"https:\/\/www.inved.cz\/chteli-byste-si-zalyzovat-v-nejvyssich-ceskych-horach\/#breadcrumbitem"}]}]